{"id":297,"count":8,"description":"Ger\u00fcche haben eine ungeahnte Macht, um eine bestimmte Stimmung zu erzeugen. Ob fruchtig, blumig oder holzig, diese D\u00fcfte beeinflussen unsere Stimmung und unsere Emotionen. Die Marke El Nabil gilt als Experte mit ihren\u00a0<strong>berauschende Raumd\u00fcfte<\/strong>. Sein Bestseller, der\u00a0<strong>El Nabil Capilla Parf\u00fcm<\/strong>ist in Ihrem\u00a0<strong>Online-Parf\u00fcmerie<\/strong>.\r\n<h2><strong>El Nabil Capilla Parfum: intensive und sofortige Verbreitung dank der Kapillarit\u00e4t<\/strong><\/h2>\r\nSchluss mit Diffusoren mit St\u00e4bchen, bei denen es Stunden dauert, bis ein Raum zart parf\u00fcmiert ist! Mit dieser Duftl\u00f6sung ist die Wirkung dank des Kapillardiffusionssystems sofort sp\u00fcrbar.\r\n\r\nInnerhalb weniger Sekunden verteilen sich die Essenzen in der Luft in einem\u00a0<strong>orientalischer Duft\u00a0<\/strong>charakteristisch. Eine ganz einfache Geste: Stellen Sie einfach die 150-ml-Flasche in Ihre Wohnung, bevor Sie die St\u00e4bchen aus unbehandeltem Holz hineinstecken.\r\n\r\nDiese werden sich sofort mit dem Duftkonzentrat vollsaugen und es verbreiten. Sie k\u00f6nnen sich auch f\u00fcr eine traditionellere Version mit dem <a href=\"https:\/\/lescollectionsprivees.com\/de\/kategorie-parfum\/bakhour-el-nabil\/\"><strong>bakhour El Nabil<\/strong><\/a>.\r\n<h2><strong>Capilla-Parfum El Nabil: Ein Duft made in France<\/strong><\/h2>\r\nWenn dieser Raumduft eine Atmosph\u00e4re verbreitet, die den sch\u00f6nsten\u00a0<strong>orientalische Pal\u00e4ste<\/strong>In der Tat wurden die Essenzen sorgf\u00e4ltig nach den Regeln der Natur zusammengestellt.\u00a0<strong>franz\u00f6sische Tradition der Luxusparf\u00fcmerie<\/strong>.\r\n\r\nEl Nabil f\u00fchrte eine Zusammenstellung von<strong>Extrakte aus seltenen Parfums\u00a0<\/strong>und au\u00dfergew\u00f6hnlichen D\u00fcften, um diesen einzigartigen orientalischen Duft zu kreieren. Gew\u00fcrze, holzige Noten, intensiver Moschus... jede bearbeitete Facette entfaltet sich subtil in der Luft f\u00fcr ein wahres Eintauchen in die\u00a0<strong>orientalische Parf\u00fcmerie<\/strong>.\r\n<h3><strong>Ein innerer Duft, der anh\u00e4lt<\/strong><\/h3>\r\nAbgesehen von seinem unglaublich reichen Duft ist die Anwendung des Capilla-Parfums El Nabil sehr einfach. Seine hochwertige, konzentrierte Formel sorgt f\u00fcr eine starke und lang anhaltende Duftabgabe \u00fcber viele Wochen, egal wie gro\u00df Ihre R\u00e4ume sind.\r\n\r\nPraktisch, das\u00a0<strong>Kapillardiffusionssystem\u00a0<\/strong>ben\u00f6tigt keine Energiequelle, ist aber trotzdem sehr sicher. Drehen Sie die St\u00e4bchen einfach ab und zu um, um den Duft zu reaktivieren, wenn er nachl\u00e4sst.\r\n\r\nEin Muss f\u00fcr majest\u00e4tische H\u00e4user, das wir Ihnen daher empfehlen!","link":"https:\/\/lescollectionsprivees.com\/de\/categorie-parfum\/parfum-capilla-el-nabil\/","name":"Capilla El Nabil Parf\u00fcm","slug":"capilla-el-nabil-parfum","taxonomy":"product_cat","parent":0,"meta":[],"menu_order":0,"yoast_head":"<!-- This site is optimized with the Yoast SEO plugin v27.3 - https:\/\/yoast.com\/product\/yoast-seo-wordpress\/ -->\n<title>Parfum Capilla El Nabil | Large s\u00e9lection en quelques clics<\/title>\n<meta name=\"description\" content=\"Le\u00a0parfum capilla El Nabil, est \u00e0 d\u00e9couvrir dans votre\u00a0parfumerie en ligne. D\u00e9couvrez notre s\u00e9lection en quelques clics !\" \/>\n<meta name=\"robots\" content=\"index, follow, max-snippet:-1, max-image-preview:large, max-video-preview:-1\" \/>\n<link rel=\"canonical\" href=\"https:\/\/lescollectionsprivees.com\/de\/kategorie-parfum\/capilla-el-nabil-parfum\/\" \/>\n<meta property=\"og:locale\" content=\"de_DE\" \/>\n<meta property=\"og:type\" content=\"article\" \/>\n<meta property=\"og:title\" content=\"Parfum Capilla El Nabil | Large s\u00e9lection en quelques clics\" \/>\n<meta property=\"og:description\" content=\"Le\u00a0parfum capilla El Nabil, est \u00e0 d\u00e9couvrir dans votre\u00a0parfumerie en ligne. D\u00e9couvrez notre s\u00e9lection en quelques clics !\" \/>\n<meta property=\"og:url\" content=\"https:\/\/lescollectionsprivees.com\/de\/kategorie-parfum\/capilla-el-nabil-parfum\/\" \/>\n<meta property=\"og:site_name\" content=\"Les Collections Priv\u00e9es\" \/>\n<meta name=\"twitter:card\" content=\"summary_large_image\" \/>\n<script type=\"application\/ld+json\" class=\"yoast-schema-graph\">{\"@context\":\"https:\\\/\\\/schema.org\",\"@graph\":[{\"@type\":\"CollectionPage\",\"@id\":\"https:\\\/\\\/lescollectionsprivees.com\\\/categorie-parfum\\\/parfum-capilla-el-nabil\\\/\",\"url\":\"https:\\\/\\\/lescollectionsprivees.com\\\/categorie-parfum\\\/parfum-capilla-el-nabil\\\/\",\"name\":\"Parfum Capilla El Nabil | Large s\u00e9lection en quelques clics\",\"isPartOf\":{\"@id\":\"https:\\\/\\\/lescollectionsprivees.com\\\/#website\"},\"description\":\"Le\u00a0parfum capilla El Nabil, est \u00e0 d\u00e9couvrir dans votre\u00a0parfumerie en ligne. D\u00e9couvrez notre s\u00e9lection en quelques clics !\",\"breadcrumb\":{\"@id\":\"https:\\\/\\\/lescollectionsprivees.com\\\/categorie-parfum\\\/parfum-capilla-el-nabil\\\/#breadcrumb\"},\"inLanguage\":\"de\"},{\"@type\":\"BreadcrumbList\",\"@id\":\"https:\\\/\\\/lescollectionsprivees.com\\\/categorie-parfum\\\/parfum-capilla-el-nabil\\\/#breadcrumb\",\"itemListElement\":[{\"@type\":\"ListItem\",\"position\":1,\"name\":\"Accueil\",\"item\":\"https:\\\/\\\/lescollectionsprivees.com\\\/\"},{\"@type\":\"ListItem\",\"position\":2,\"name\":\"Parfum Capilla El Nabil\"}]},{\"@type\":\"WebSite\",\"@id\":\"https:\\\/\\\/lescollectionsprivees.com\\\/#website\",\"url\":\"https:\\\/\\\/lescollectionsprivees.com\\\/\",\"name\":\"Les Collections Priv\u00e9es\",\"description\":\"\",\"publisher\":{\"@id\":\"https:\\\/\\\/lescollectionsprivees.com\\\/#organization\"},\"potentialAction\":[{\"@type\":\"SearchAction\",\"target\":{\"@type\":\"EntryPoint\",\"urlTemplate\":\"https:\\\/\\\/lescollectionsprivees.com\\\/?s={search_term_string}\"},\"query-input\":{\"@type\":\"PropertyValueSpecification\",\"valueRequired\":true,\"valueName\":\"search_term_string\"}}],\"inLanguage\":\"de\"},{\"@type\":\"Organization\",\"@id\":\"https:\\\/\\\/lescollectionsprivees.com\\\/#organization\",\"name\":\"Les Collections Priv\u00e9es\",\"url\":\"https:\\\/\\\/lescollectionsprivees.com\\\/\",\"logo\":{\"@type\":\"ImageObject\",\"inLanguage\":\"de\",\"@id\":\"https:\\\/\\\/lescollectionsprivees.com\\\/#\\\/schema\\\/logo\\\/image\\\/\",\"url\":\"https:\\\/\\\/lescollectionsprivees.com\\\/wp-content\\\/uploads\\\/2020\\\/02\\\/Logo-Les-Collections-Priv\u00e9es-450x450-1.png\",\"contentUrl\":\"https:\\\/\\\/lescollectionsprivees.com\\\/wp-content\\\/uploads\\\/2020\\\/02\\\/Logo-Les-Collections-Priv\u00e9es-450x450-1.png\",\"width\":450,\"height\":450,\"caption\":\"Les Collections Priv\u00e9es\"},\"image\":{\"@id\":\"https:\\\/\\\/lescollectionsprivees.com\\\/#\\\/schema\\\/logo\\\/image\\\/\"}}]}<\/script>\n<!-- \/ Yoast SEO plugin. -->","yoast_head_json":{"title":"Capilla El Nabil Parfum | Gro\u00dfe Auswahl mit wenigen Klicks","description":"Das Capilla-Parfum El Nabil, ist in Ihrer Online-Parf\u00fcmerie zu entdecken. Entdecken Sie unsere Auswahl mit wenigen Klicks!","robots":{"index":"index","follow":"follow","max-snippet":"max-snippet:-1","max-image-preview":"max-image-preview:large","max-video-preview":"max-video-preview:-1"},"canonical":"https:\/\/lescollectionsprivees.com\/de\/kategorie-parfum\/capilla-el-nabil-parfum\/","og_locale":"de_DE","og_type":"article","og_title":"Parfum Capilla El Nabil | Large s\u00e9lection en quelques clics","og_description":"Le\u00a0parfum capilla El Nabil, est \u00e0 d\u00e9couvrir dans votre\u00a0parfumerie en ligne. D\u00e9couvrez notre s\u00e9lection en quelques clics !","og_url":"https:\/\/lescollectionsprivees.com\/de\/kategorie-parfum\/capilla-el-nabil-parfum\/","og_site_name":"Les Collections Priv\u00e9es","twitter_card":"summary_large_image","schema":{"@context":"https:\/\/schema.org","@graph":[{"@type":"CollectionPage","@id":"https:\/\/lescollectionsprivees.com\/categorie-parfum\/parfum-capilla-el-nabil\/","url":"https:\/\/lescollectionsprivees.com\/categorie-parfum\/parfum-capilla-el-nabil\/","name":"Capilla El Nabil Parfum | Gro\u00dfe Auswahl mit wenigen Klicks","isPartOf":{"@id":"https:\/\/lescollectionsprivees.com\/#website"},"description":"Das Capilla-Parfum El Nabil, ist in Ihrer Online-Parf\u00fcmerie zu entdecken. Entdecken Sie unsere Auswahl mit wenigen Klicks!","breadcrumb":{"@id":"https:\/\/lescollectionsprivees.com\/categorie-parfum\/parfum-capilla-el-nabil\/#breadcrumb"},"inLanguage":"de"},{"@type":"BreadcrumbList","@id":"https:\/\/lescollectionsprivees.com\/categorie-parfum\/parfum-capilla-el-nabil\/#breadcrumb","itemListElement":[{"@type":"ListItem","position":1,"name":"Accueil","item":"https:\/\/lescollectionsprivees.com\/"},{"@type":"ListItem","position":2,"name":"Parfum Capilla El Nabil"}]},{"@type":"WebSite","@id":"https:\/\/lescollectionsprivees.com\/#website","url":"https:\/\/lescollectionsprivees.com\/","name":"Private Sammlungen","description":"","publisher":{"@id":"https:\/\/lescollectionsprivees.com\/#organization"},"potentialAction":[{"@type":"SearchAction","target":{"@type":"EntryPoint","urlTemplate":"https:\/\/lescollectionsprivees.com\/?s={search_term_string}"},"query-input":{"@type":"PropertyValueSpecification","valueRequired":true,"valueName":"search_term_string"}}],"inLanguage":"de"},{"@type":"Organization","@id":"https:\/\/lescollectionsprivees.com\/#organization","name":"Private Sammlungen","url":"https:\/\/lescollectionsprivees.com\/","logo":{"@type":"ImageObject","inLanguage":"de","@id":"https:\/\/lescollectionsprivees.com\/#\/schema\/logo\/image\/","url":"https:\/\/lescollectionsprivees.com\/wp-content\/uploads\/2020\/02\/Logo-Les-Collections-Priv\u00e9es-450x450-1.png","contentUrl":"https:\/\/lescollectionsprivees.com\/wp-content\/uploads\/2020\/02\/Logo-Les-Collections-Priv\u00e9es-450x450-1.png","width":450,"height":450,"caption":"Les Collections Priv\u00e9es"},"image":{"@id":"https:\/\/lescollectionsprivees.com\/#\/schema\/logo\/image\/"}}]}},"_links":{"self":[{"href":"https:\/\/lescollectionsprivees.com\/de\/wp-json\/wp\/v2\/product_cat\/297","targetHints":{"allow":["GET"]}}],"collection":[{"href":"https:\/\/lescollectionsprivees.com\/de\/wp-json\/wp\/v2\/product_cat"}],"about":[{"href":"https:\/\/lescollectionsprivees.com\/de\/wp-json\/wp\/v2\/taxonomies\/product_cat"}],"wp:post_type":[{"href":"https:\/\/lescollectionsprivees.com\/de\/wp-json\/wp\/v2\/product?product_cat=297"}],"curies":[{"name":"wp","href":"https:\/\/api.w.org\/{rel}","templated":true}]}}