{"id":297,"count":8,"description":"Zapachy maj\u0105 niespodziewan\u0105 moc tworzenia wyj\u0105tkowej atmosfery. Niezale\u017cnie od tego, czy s\u0105 to zapachy owocowe, kwiatowe czy drzewne, maj\u0105 one wp\u0142yw na nasze nastroje i emocje. Marka El Nabil jest ekspertem w tej dziedzinie dzi\u0119ki swoim\u00a0<strong>mocne zapachy do domu<\/strong>. Jego bestseller\u00a0<strong>Perfumy El Nabil capilla<\/strong>do odkrycia w swoim\u00a0<strong>perfumeria internetowa<\/strong>.\r\n<h2><strong>Zapach kapilarny El Nabil: intensywna, natychmiastowa dyfuzja dzi\u0119ki dzia\u0142aniu kapilarnemu<\/strong><\/h2>\r\nPo\u017cegnaj si\u0119 z dyfuzorami w sztyfcie, kt\u00f3re potrzebuj\u0105 godzin, aby delikatnie nada\u0107 zapach pomieszczeniu! W przypadku tego rozwi\u0105zania zapachowego dzia\u0142anie jest natychmiastowe dzi\u0119ki kapilarnemu systemowi dyfuzji.\r\n\r\nW ci\u0105gu zaledwie kilku sekund esencje s\u0105 b\u0142yskawicznie rozprowadzane w powietrzu.\u00a0<strong>orientalny zapach\u00a0<\/strong>charakterystyka. Wystarczy umie\u015bci\u0107 butelk\u0119 o pojemno\u015bci 150 ml w domu przed w\u0142o\u017ceniem patyczk\u00f3w z surowego drewna.\r\n\r\nTe natychmiast wch\u0142on\u0105 skoncentrowany zapach i rozprosz\u0105 go. Mo\u017cesz tak\u017ce zdecydowa\u0107 si\u0119 na bardziej tradycyjn\u0105 wersj\u0119 z <a href=\"https:\/\/lescollectionsprivees.com\/pl\/kategoria-zapachow\/bakhour-el-nabil\/\"><strong>bakhour El Nabil<\/strong><\/a>.\r\n<h2><strong>Perfumy El Nabil capilla: zapach wyprodukowany we Francji<\/strong><\/h2>\r\nJe\u015bli ten zapach do domu roztacza atmosfer\u0119 godn\u0105 najlepszych\u00a0<strong>orientalne pa\u0142ace<\/strong>Jego esencje zosta\u0142y starannie zmieszane z poszanowaniem \u015brodowiska naturalnego.\u00a0<strong>Francuska tradycja luksusowego perfumiarstwa<\/strong>.\r\n\r\nEl Nabil zgromadzi\u0142 szereg<strong>rzadkie ekstrakty perfum\u00a0<\/strong>i wyj\u0105tkowych sk\u0142adnik\u00f3w, aby stworzy\u0107 ten wyj\u0105tkowy orientalny zapach. Przyprawy, nuty drzewne, intensywne pi\u017cmo... ka\u017cdy aspekt jest subtelnie wpleciony w powietrze, zapewniaj\u0105c prawdziwie wci\u0105gaj\u0105ce doznania.\u00a0<strong>perfumeria orientalna<\/strong>.\r\n<h3><strong>Wewn\u0119trzny zapach, kt\u00f3ry trwa<\/strong><\/h3>\r\nOpr\u00f3cz niezwykle bogatego zapachu, perfumy El Nabil capilla s\u0105 bardzo \u0142atwe w u\u017cyciu. Wysokiej jako\u015bci, skoncentrowana formu\u0142a zapewnia mocny, d\u0142ugotrwa\u0142y zapach, kt\u00f3ry utrzymuje si\u0119 przez wiele tygodni, niezale\u017cnie od wielko\u015bci pomieszcze\u0144.\r\n\r\nPraktyczne\u00a0<strong>system dyfuzji kapilarnej\u00a0<\/strong>nie wymaga \u017ar\u00f3d\u0142a energii, ale nadal jest bardzo bezpieczny. Wystarczy od czasu do czasu odwr\u00f3ci\u0107 patyczki, aby ponownie aktywowa\u0107 zapach, gdy zaniknie.\r\n\r\nNiezb\u0119dny element majestatycznych dom\u00f3w, kt\u00f3ry polecamy odkry\u0107!","link":"https:\/\/lescollectionsprivees.com\/pl\/categorie-parfum\/parfum-capilla-el-nabil\/","name":"Perfumy Capilla El Nabil","slug":"capilla-el-nabil-perfumy","taxonomy":"product_cat","parent":0,"meta":[],"menu_order":0,"yoast_head":"<!-- This site is optimized with the Yoast SEO plugin v27.3 - https:\/\/yoast.com\/product\/yoast-seo-wordpress\/ -->\n<title>Parfum Capilla El Nabil | Large s\u00e9lection en quelques clics<\/title>\n<meta name=\"description\" content=\"Le\u00a0parfum capilla El Nabil, est \u00e0 d\u00e9couvrir dans votre\u00a0parfumerie en ligne. D\u00e9couvrez notre s\u00e9lection en quelques clics !\" \/>\n<meta name=\"robots\" content=\"index, follow, max-snippet:-1, max-image-preview:large, max-video-preview:-1\" \/>\n<link rel=\"canonical\" href=\"https:\/\/lescollectionsprivees.com\/pl\/kategoria-zapachow\/capilla-el-nabil-perfumy\/\" \/>\n<meta property=\"og:locale\" content=\"pl_PL\" \/>\n<meta property=\"og:type\" content=\"article\" \/>\n<meta property=\"og:title\" content=\"Parfum Capilla El Nabil | Large s\u00e9lection en quelques clics\" \/>\n<meta property=\"og:description\" content=\"Le\u00a0parfum capilla El Nabil, est \u00e0 d\u00e9couvrir dans votre\u00a0parfumerie en ligne. D\u00e9couvrez notre s\u00e9lection en quelques clics !\" \/>\n<meta property=\"og:url\" content=\"https:\/\/lescollectionsprivees.com\/pl\/kategoria-zapachow\/capilla-el-nabil-perfumy\/\" \/>\n<meta property=\"og:site_name\" content=\"Les Collections Priv\u00e9es\" \/>\n<meta name=\"twitter:card\" content=\"summary_large_image\" \/>\n<script type=\"application\/ld+json\" class=\"yoast-schema-graph\">{\"@context\":\"https:\\\/\\\/schema.org\",\"@graph\":[{\"@type\":\"CollectionPage\",\"@id\":\"https:\\\/\\\/lescollectionsprivees.com\\\/categorie-parfum\\\/parfum-capilla-el-nabil\\\/\",\"url\":\"https:\\\/\\\/lescollectionsprivees.com\\\/categorie-parfum\\\/parfum-capilla-el-nabil\\\/\",\"name\":\"Parfum Capilla El Nabil | Large s\u00e9lection en quelques clics\",\"isPartOf\":{\"@id\":\"https:\\\/\\\/lescollectionsprivees.com\\\/#website\"},\"description\":\"Le\u00a0parfum capilla El Nabil, est \u00e0 d\u00e9couvrir dans votre\u00a0parfumerie en ligne. D\u00e9couvrez notre s\u00e9lection en quelques clics !\",\"breadcrumb\":{\"@id\":\"https:\\\/\\\/lescollectionsprivees.com\\\/categorie-parfum\\\/parfum-capilla-el-nabil\\\/#breadcrumb\"},\"inLanguage\":\"pl-PL\"},{\"@type\":\"BreadcrumbList\",\"@id\":\"https:\\\/\\\/lescollectionsprivees.com\\\/categorie-parfum\\\/parfum-capilla-el-nabil\\\/#breadcrumb\",\"itemListElement\":[{\"@type\":\"ListItem\",\"position\":1,\"name\":\"Accueil\",\"item\":\"https:\\\/\\\/lescollectionsprivees.com\\\/\"},{\"@type\":\"ListItem\",\"position\":2,\"name\":\"Parfum Capilla El Nabil\"}]},{\"@type\":\"WebSite\",\"@id\":\"https:\\\/\\\/lescollectionsprivees.com\\\/#website\",\"url\":\"https:\\\/\\\/lescollectionsprivees.com\\\/\",\"name\":\"Les Collections Priv\u00e9es\",\"description\":\"\",\"publisher\":{\"@id\":\"https:\\\/\\\/lescollectionsprivees.com\\\/#organization\"},\"potentialAction\":[{\"@type\":\"SearchAction\",\"target\":{\"@type\":\"EntryPoint\",\"urlTemplate\":\"https:\\\/\\\/lescollectionsprivees.com\\\/?s={search_term_string}\"},\"query-input\":{\"@type\":\"PropertyValueSpecification\",\"valueRequired\":true,\"valueName\":\"search_term_string\"}}],\"inLanguage\":\"pl-PL\"},{\"@type\":\"Organization\",\"@id\":\"https:\\\/\\\/lescollectionsprivees.com\\\/#organization\",\"name\":\"Les Collections Priv\u00e9es\",\"url\":\"https:\\\/\\\/lescollectionsprivees.com\\\/\",\"logo\":{\"@type\":\"ImageObject\",\"inLanguage\":\"pl-PL\",\"@id\":\"https:\\\/\\\/lescollectionsprivees.com\\\/#\\\/schema\\\/logo\\\/image\\\/\",\"url\":\"https:\\\/\\\/lescollectionsprivees.com\\\/wp-content\\\/uploads\\\/2020\\\/02\\\/Logo-Les-Collections-Priv\u00e9es-450x450-1.png\",\"contentUrl\":\"https:\\\/\\\/lescollectionsprivees.com\\\/wp-content\\\/uploads\\\/2020\\\/02\\\/Logo-Les-Collections-Priv\u00e9es-450x450-1.png\",\"width\":450,\"height\":450,\"caption\":\"Les Collections Priv\u00e9es\"},\"image\":{\"@id\":\"https:\\\/\\\/lescollectionsprivees.com\\\/#\\\/schema\\\/logo\\\/image\\\/\"}}]}<\/script>\n<!-- \/ Yoast SEO plugin. -->","yoast_head_json":{"title":"Parfum Capilla El Nabil | Szeroki wyb\u00f3r za pomoc\u0105 kilku klikni\u0119\u0107","description":"Odkryj perfumy El Nabil capilla w swojej perfumerii internetowej. Odkryj nasz wyb\u00f3r za pomoc\u0105 kilku klikni\u0119\u0107!","robots":{"index":"index","follow":"follow","max-snippet":"max-snippet:-1","max-image-preview":"max-image-preview:large","max-video-preview":"max-video-preview:-1"},"canonical":"https:\/\/lescollectionsprivees.com\/pl\/kategoria-zapachow\/capilla-el-nabil-perfumy\/","og_locale":"pl_PL","og_type":"article","og_title":"Parfum Capilla El Nabil | Large s\u00e9lection en quelques clics","og_description":"Le\u00a0parfum capilla El Nabil, est \u00e0 d\u00e9couvrir dans votre\u00a0parfumerie en ligne. D\u00e9couvrez notre s\u00e9lection en quelques clics !","og_url":"https:\/\/lescollectionsprivees.com\/pl\/kategoria-zapachow\/capilla-el-nabil-perfumy\/","og_site_name":"Les Collections Priv\u00e9es","twitter_card":"summary_large_image","schema":{"@context":"https:\/\/schema.org","@graph":[{"@type":"CollectionPage","@id":"https:\/\/lescollectionsprivees.com\/categorie-parfum\/parfum-capilla-el-nabil\/","url":"https:\/\/lescollectionsprivees.com\/categorie-parfum\/parfum-capilla-el-nabil\/","name":"Parfum Capilla El Nabil | Szeroki wyb\u00f3r za pomoc\u0105 kilku klikni\u0119\u0107","isPartOf":{"@id":"https:\/\/lescollectionsprivees.com\/#website"},"description":"Odkryj perfumy El Nabil capilla w swojej perfumerii internetowej. Odkryj nasz wyb\u00f3r za pomoc\u0105 kilku klikni\u0119\u0107!","breadcrumb":{"@id":"https:\/\/lescollectionsprivees.com\/categorie-parfum\/parfum-capilla-el-nabil\/#breadcrumb"},"inLanguage":"pl-PL"},{"@type":"BreadcrumbList","@id":"https:\/\/lescollectionsprivees.com\/categorie-parfum\/parfum-capilla-el-nabil\/#breadcrumb","itemListElement":[{"@type":"ListItem","position":1,"name":"Accueil","item":"https:\/\/lescollectionsprivees.com\/"},{"@type":"ListItem","position":2,"name":"Parfum Capilla El Nabil"}]},{"@type":"WebSite","@id":"https:\/\/lescollectionsprivees.com\/#website","url":"https:\/\/lescollectionsprivees.com\/","name":"Kolekcje prywatne","description":"","publisher":{"@id":"https:\/\/lescollectionsprivees.com\/#organization"},"potentialAction":[{"@type":"SearchAction","target":{"@type":"EntryPoint","urlTemplate":"https:\/\/lescollectionsprivees.com\/?s={search_term_string}"},"query-input":{"@type":"PropertyValueSpecification","valueRequired":true,"valueName":"search_term_string"}}],"inLanguage":"pl-PL"},{"@type":"Organization","@id":"https:\/\/lescollectionsprivees.com\/#organization","name":"Kolekcje prywatne","url":"https:\/\/lescollectionsprivees.com\/","logo":{"@type":"ImageObject","inLanguage":"pl-PL","@id":"https:\/\/lescollectionsprivees.com\/#\/schema\/logo\/image\/","url":"https:\/\/lescollectionsprivees.com\/wp-content\/uploads\/2020\/02\/Logo-Les-Collections-Priv\u00e9es-450x450-1.png","contentUrl":"https:\/\/lescollectionsprivees.com\/wp-content\/uploads\/2020\/02\/Logo-Les-Collections-Priv\u00e9es-450x450-1.png","width":450,"height":450,"caption":"Les Collections Priv\u00e9es"},"image":{"@id":"https:\/\/lescollectionsprivees.com\/#\/schema\/logo\/image\/"}}]}},"_links":{"self":[{"href":"https:\/\/lescollectionsprivees.com\/pl\/wp-json\/wp\/v2\/product_cat\/297","targetHints":{"allow":["GET"]}}],"collection":[{"href":"https:\/\/lescollectionsprivees.com\/pl\/wp-json\/wp\/v2\/product_cat"}],"about":[{"href":"https:\/\/lescollectionsprivees.com\/pl\/wp-json\/wp\/v2\/taxonomies\/product_cat"}],"wp:post_type":[{"href":"https:\/\/lescollectionsprivees.com\/pl\/wp-json\/wp\/v2\/product?product_cat=297"}],"curies":[{"name":"wp","href":"https:\/\/api.w.org\/{rel}","templated":true}]}}