{"id":294,"count":18,"description":"O prestigiado<strong> Conjunto de caixas El Nabil<\/strong> convida-se a todos os seus eventos - e mesmo \u00e0queles que n\u00e3o o s\u00e3o! Chique, original, generoso e trendy, este \u00e9 o <strong>presente<\/strong> ideal para oferecer ou para si pr\u00f3prio. Faz literalmente toda a gente concordar, gra\u00e7as \u00e0 sua embalagem elegante que causa um verdadeiro impacto!\r\n\r\nDescubra todas as combina\u00e7\u00f5es poss\u00edveis para agradar a si pr\u00f3prio e aos seus entes queridos.\r\n<h2><strong>Caixa El Nabil: uma festa para os olhos e os sentidos! <\/strong><\/h2>\r\nPorque, sim, a sua embalagem causa obviamente um impacto. N\u00e3o precisa de o embrulhar em papel de embrulho. Pode simplesmente oferec\u00ea-lo tal como est\u00e1, porque a sua caixa s\u00f3bria mas sofisticada tem um \u00f3timo aspeto. Ou se quiser manter as coisas um pouco mais misteriosas, ofere\u00e7a-o num saco de oferta.\r\n\r\nA caixa de oferta El Nabil pode ser combinada de v\u00e1rias formas, para que todos possam desfrutar! J\u00e1 lhe falaremos mais sobre ela... Uma coisa \u00e9 certa: o que n\u00e3o mudou foram as suas <strong>pre\u00e7os baixos <\/strong>acess\u00edvel!\r\n<h2><strong>Que modelos est\u00e3o dispon\u00edveis para o conjunto de caixas El Nabil? <\/strong><\/h2>\r\n<ul>\r\n \t<li><strong>Embalagens duplas : <\/strong>Composta por um eau de parfum de 65 ml e um spray de ambiente de 300 ml, \u00e9 uma caixa de oferta eficaz e econ\u00f3mica que ir\u00e1 certamente agradar! Veja com os seus pr\u00f3prios olhos!<\/li>\r\n \t<li><strong>Tamanhos cl\u00e1ssico e mini:<\/strong> duas fragr\u00e2ncias id\u00eanticas, dois tamanhos diferentes. Como o <strong>Conjunto de tahara almiscarado<\/strong>. Assim, pode desfrutar do formato grande em casa e utilizar o formato de bolso onde quer que v\u00e1!<\/li>\r\n \t<li><strong>Conjunto de caixas Prestige :<\/strong> composto por <strong>Fragr\u00e2ncia de luxo para todos<\/strong>Com uma fragr\u00e2ncia de prest\u00edgio e um roll-on almiscarado, esta embalagem completa vai certamente agradar!<\/li>\r\n<\/ul>\r\n<h3><strong>Encontrar todos os nossos produtos individuais <\/strong><\/h3>\r\nUma das grandes vantagens do<strong>oferecer uma caixa de perfume<\/strong>O que \u00e9 realmente importante \u00e9 o facto de as pessoas poderem experimentar v\u00e1rios produtos. E o facto de poderem comprar de volta o que aprovaram totalmente \u00e9 uma grande vantagem!\r\n\r\nDe facto, poder\u00e1 encontrar todas estas fragr\u00e2ncias vendidas individualmente. Assim, pode mimar-se comprando de volta apenas o que gosta. E se gostar de tudo... pedimos desculpa desde j\u00e1, mas \u00e9 esse o risco <a href=\"https:\/\/lescollectionsprivees.com\/pt\/categoria-de-fragrancias\/perfume-el-nabil\/\"><strong>a marca El Nabil<\/strong><\/a>\u00a0!","link":"https:\/\/lescollectionsprivees.com\/pt\/categorie-parfum\/coffret-el-nabil\/","name":"Conjunto de caixas El Nabil","slug":"el-nabil-box-set","taxonomy":"product_cat","parent":0,"meta":[],"menu_order":0,"yoast_head":"<!-- This site is optimized with the Yoast SEO plugin v27.3 - https:\/\/yoast.com\/product\/yoast-seo-wordpress\/ -->\n<title>Coffret El Nabil | Achat en ligne de coffrets parfums de qualit\u00e9<\/title>\n<meta name=\"description\" content=\"Le prestigieux coffret El Nabil s\u2019invite \u00e0 tous vos \u00e9v\u00e9nements - et m\u00eame \u00e0 ceux qui n\u2019en sont pas ! D\u00e9couvrez notre s\u00e9lection \u00e0 l&#039;achat !\" \/>\n<meta name=\"robots\" content=\"index, follow, max-snippet:-1, max-image-preview:large, max-video-preview:-1\" \/>\n<link rel=\"canonical\" href=\"https:\/\/lescollectionsprivees.com\/pt\/categoria-de-fragrancias\/el-nabil-box-set\/\" \/>\n<meta property=\"og:locale\" content=\"pt_PT\" \/>\n<meta property=\"og:type\" content=\"article\" \/>\n<meta property=\"og:title\" content=\"Coffret El Nabil | Achat en ligne de coffrets parfums de qualit\u00e9\" \/>\n<meta property=\"og:description\" content=\"Le prestigieux coffret El Nabil s\u2019invite \u00e0 tous vos \u00e9v\u00e9nements - et m\u00eame \u00e0 ceux qui n\u2019en sont pas ! D\u00e9couvrez notre s\u00e9lection \u00e0 l&#039;achat !\" \/>\n<meta property=\"og:url\" content=\"https:\/\/lescollectionsprivees.com\/pt\/categoria-de-fragrancias\/el-nabil-box-set\/\" \/>\n<meta property=\"og:site_name\" content=\"Les Collections Priv\u00e9es\" \/>\n<meta name=\"twitter:card\" content=\"summary_large_image\" \/>\n<script type=\"application\/ld+json\" class=\"yoast-schema-graph\">{\"@context\":\"https:\\\/\\\/schema.org\",\"@graph\":[{\"@type\":\"CollectionPage\",\"@id\":\"https:\\\/\\\/lescollectionsprivees.com\\\/categorie-parfum\\\/coffret-el-nabil\\\/\",\"url\":\"https:\\\/\\\/lescollectionsprivees.com\\\/categorie-parfum\\\/coffret-el-nabil\\\/\",\"name\":\"Coffret El Nabil | Achat en ligne de coffrets parfums de qualit\u00e9\",\"isPartOf\":{\"@id\":\"https:\\\/\\\/lescollectionsprivees.com\\\/#website\"},\"description\":\"Le prestigieux coffret El Nabil s\u2019invite \u00e0 tous vos \u00e9v\u00e9nements - et m\u00eame \u00e0 ceux qui n\u2019en sont pas ! D\u00e9couvrez notre s\u00e9lection \u00e0 l'achat !\",\"breadcrumb\":{\"@id\":\"https:\\\/\\\/lescollectionsprivees.com\\\/categorie-parfum\\\/coffret-el-nabil\\\/#breadcrumb\"},\"inLanguage\":\"pt-PT\"},{\"@type\":\"BreadcrumbList\",\"@id\":\"https:\\\/\\\/lescollectionsprivees.com\\\/categorie-parfum\\\/coffret-el-nabil\\\/#breadcrumb\",\"itemListElement\":[{\"@type\":\"ListItem\",\"position\":1,\"name\":\"Accueil\",\"item\":\"https:\\\/\\\/lescollectionsprivees.com\\\/\"},{\"@type\":\"ListItem\",\"position\":2,\"name\":\"Coffret El Nabil\"}]},{\"@type\":\"WebSite\",\"@id\":\"https:\\\/\\\/lescollectionsprivees.com\\\/#website\",\"url\":\"https:\\\/\\\/lescollectionsprivees.com\\\/\",\"name\":\"Les Collections Priv\u00e9es\",\"description\":\"\",\"publisher\":{\"@id\":\"https:\\\/\\\/lescollectionsprivees.com\\\/#organization\"},\"potentialAction\":[{\"@type\":\"SearchAction\",\"target\":{\"@type\":\"EntryPoint\",\"urlTemplate\":\"https:\\\/\\\/lescollectionsprivees.com\\\/?s={search_term_string}\"},\"query-input\":{\"@type\":\"PropertyValueSpecification\",\"valueRequired\":true,\"valueName\":\"search_term_string\"}}],\"inLanguage\":\"pt-PT\"},{\"@type\":\"Organization\",\"@id\":\"https:\\\/\\\/lescollectionsprivees.com\\\/#organization\",\"name\":\"Les Collections Priv\u00e9es\",\"url\":\"https:\\\/\\\/lescollectionsprivees.com\\\/\",\"logo\":{\"@type\":\"ImageObject\",\"inLanguage\":\"pt-PT\",\"@id\":\"https:\\\/\\\/lescollectionsprivees.com\\\/#\\\/schema\\\/logo\\\/image\\\/\",\"url\":\"https:\\\/\\\/lescollectionsprivees.com\\\/wp-content\\\/uploads\\\/2020\\\/02\\\/Logo-Les-Collections-Priv\u00e9es-450x450-1.png\",\"contentUrl\":\"https:\\\/\\\/lescollectionsprivees.com\\\/wp-content\\\/uploads\\\/2020\\\/02\\\/Logo-Les-Collections-Priv\u00e9es-450x450-1.png\",\"width\":450,\"height\":450,\"caption\":\"Les Collections Priv\u00e9es\"},\"image\":{\"@id\":\"https:\\\/\\\/lescollectionsprivees.com\\\/#\\\/schema\\\/logo\\\/image\\\/\"}}]}<\/script>\n<!-- \/ Yoast SEO plugin. -->","yoast_head_json":{"title":"Coffret El Nabil | Comprar conjuntos de perfumes de qualidade para oferta online","description":"O prestigiado conjunto de oferta El Nabil \u00e9 um convite para todos os seus eventos - e mesmo para aqueles que n\u00e3o o s\u00e3o! Descubra a nossa sele\u00e7\u00e3o para comprar!","robots":{"index":"index","follow":"follow","max-snippet":"max-snippet:-1","max-image-preview":"max-image-preview:large","max-video-preview":"max-video-preview:-1"},"canonical":"https:\/\/lescollectionsprivees.com\/pt\/categoria-de-fragrancias\/el-nabil-box-set\/","og_locale":"pt_PT","og_type":"article","og_title":"Coffret El Nabil | Achat en ligne de coffrets parfums de qualit\u00e9","og_description":"Le prestigieux coffret El Nabil s\u2019invite \u00e0 tous vos \u00e9v\u00e9nements - et m\u00eame \u00e0 ceux qui n\u2019en sont pas ! D\u00e9couvrez notre s\u00e9lection \u00e0 l'achat !","og_url":"https:\/\/lescollectionsprivees.com\/pt\/categoria-de-fragrancias\/el-nabil-box-set\/","og_site_name":"Les Collections Priv\u00e9es","twitter_card":"summary_large_image","schema":{"@context":"https:\/\/schema.org","@graph":[{"@type":"CollectionPage","@id":"https:\/\/lescollectionsprivees.com\/categorie-parfum\/coffret-el-nabil\/","url":"https:\/\/lescollectionsprivees.com\/categorie-parfum\/coffret-el-nabil\/","name":"Coffret El Nabil | Comprar conjuntos de perfumes de qualidade para oferta online","isPartOf":{"@id":"https:\/\/lescollectionsprivees.com\/#website"},"description":"O prestigiado conjunto de oferta El Nabil \u00e9 um convite para todos os seus eventos - e mesmo para aqueles que n\u00e3o o s\u00e3o! Descubra a nossa sele\u00e7\u00e3o para comprar!","breadcrumb":{"@id":"https:\/\/lescollectionsprivees.com\/categorie-parfum\/coffret-el-nabil\/#breadcrumb"},"inLanguage":"pt-PT"},{"@type":"BreadcrumbList","@id":"https:\/\/lescollectionsprivees.com\/categorie-parfum\/coffret-el-nabil\/#breadcrumb","itemListElement":[{"@type":"ListItem","position":1,"name":"Accueil","item":"https:\/\/lescollectionsprivees.com\/"},{"@type":"ListItem","position":2,"name":"Coffret El Nabil"}]},{"@type":"WebSite","@id":"https:\/\/lescollectionsprivees.com\/#website","url":"https:\/\/lescollectionsprivees.com\/","name":"Colec\u00e7\u00f5es privadas","description":"","publisher":{"@id":"https:\/\/lescollectionsprivees.com\/#organization"},"potentialAction":[{"@type":"SearchAction","target":{"@type":"EntryPoint","urlTemplate":"https:\/\/lescollectionsprivees.com\/?s={search_term_string}"},"query-input":{"@type":"PropertyValueSpecification","valueRequired":true,"valueName":"search_term_string"}}],"inLanguage":"pt-PT"},{"@type":"Organization","@id":"https:\/\/lescollectionsprivees.com\/#organization","name":"Colec\u00e7\u00f5es privadas","url":"https:\/\/lescollectionsprivees.com\/","logo":{"@type":"ImageObject","inLanguage":"pt-PT","@id":"https:\/\/lescollectionsprivees.com\/#\/schema\/logo\/image\/","url":"https:\/\/lescollectionsprivees.com\/wp-content\/uploads\/2020\/02\/Logo-Les-Collections-Priv\u00e9es-450x450-1.png","contentUrl":"https:\/\/lescollectionsprivees.com\/wp-content\/uploads\/2020\/02\/Logo-Les-Collections-Priv\u00e9es-450x450-1.png","width":450,"height":450,"caption":"Les Collections Priv\u00e9es"},"image":{"@id":"https:\/\/lescollectionsprivees.com\/#\/schema\/logo\/image\/"}}]}},"_links":{"self":[{"href":"https:\/\/lescollectionsprivees.com\/pt\/wp-json\/wp\/v2\/product_cat\/294","targetHints":{"allow":["GET"]}}],"collection":[{"href":"https:\/\/lescollectionsprivees.com\/pt\/wp-json\/wp\/v2\/product_cat"}],"about":[{"href":"https:\/\/lescollectionsprivees.com\/pt\/wp-json\/wp\/v2\/taxonomies\/product_cat"}],"wp:post_type":[{"href":"https:\/\/lescollectionsprivees.com\/pt\/wp-json\/wp\/v2\/product?product_cat=294"}],"curies":[{"name":"wp","href":"https:\/\/api.w.org\/{rel}","templated":true}]}}