{"id":297,"count":8,"description":"Os aromas t\u00eam um poder insuspeito de criar uma atmosfera especial. Quer sejam frutados, florais ou amadeirados, estes aromas t\u00eam um impacto nos nossos estados de esp\u00edrito e nas nossas emo\u00e7\u00f5es. A marca El Nabil \u00e9 especialista neste dom\u00ednio com os seus\u00a0<strong>fragr\u00e2ncias inebriantes para o lar<\/strong>. O seu bestseller\u00a0<strong>Perfume El Nabil capilla<\/strong>para descobrir no seu\u00a0<strong>perfumaria em linha<\/strong>.\r\n<h2><strong>Fragr\u00e2ncia capilar El Nabil: difus\u00e3o intensa e instant\u00e2nea gra\u00e7as \u00e0 a\u00e7\u00e3o capilar<\/strong><\/h2>\r\nDiga adeus aos difusores em stick que demoram horas a perfumar delicadamente uma divis\u00e3o! Com esta solu\u00e7\u00e3o olfactiva, a a\u00e7\u00e3o \u00e9 imediata gra\u00e7as ao seu sistema de difus\u00e3o capilar.\r\n\r\nEm apenas alguns segundos, as ess\u00eancias s\u00e3o difundidas no ar num instante.\u00a0<strong>fragr\u00e2ncia oriental\u00a0<\/strong>carater\u00edstica. \u00c9 t\u00e3o simples como colocar o frasco de 150 ml em sua casa antes de inserir as varas de madeira crua.\r\n\r\nEstas absorver\u00e3o instantaneamente o aroma concentrado e difundi-lo-\u00e3o. Pode tamb\u00e9m optar por uma vers\u00e3o mais tradicional com o <a href=\"https:\/\/lescollectionsprivees.com\/pt\/categoria-de-fragrancias\/bakhour-el-nabil\/\"><strong>bakhour El Nabil<\/strong><\/a>.\r\n<h2><strong>Perfume El Nabil capilla: uma fragr\u00e2ncia feita em Fran\u00e7a<\/strong><\/h2>\r\nSe este perfume para casa difunde uma atmosfera digna dos melhores\u00a0<strong>pal\u00e1cios orientais<\/strong>De facto, as suas ess\u00eancias foram cuidadosamente misturadas no respeito pelo ambiente.\u00a0<strong>Tradi\u00e7\u00e3o francesa da perfumaria de luxo<\/strong>.\r\n\r\nEl Nabil reuniu um conjunto de<strong>extractos de perfumes raros\u00a0<\/strong>e ingredientes excepcionais para criar esta fragr\u00e2ncia oriental \u00fanica. Especiarias, notas amadeiradas, alm\u00edscares intensos... cada faceta \u00e9 subtilmente tecida no ar para uma experi\u00eancia verdadeiramente envolvente.\u00a0<strong>perfumaria oriental<\/strong>.\r\n<h3><strong>Uma fragr\u00e2ncia interior que perdura<\/strong><\/h3>\r\nPara al\u00e9m da sua fragr\u00e2ncia incrivelmente rica, o perfume El Nabil capilla \u00e9 muito f\u00e1cil de utilizar. A sua f\u00f3rmula concentrada e de alta qualidade garante uma fragr\u00e2ncia poderosa e duradoura que dura semanas, independentemente do tamanho das divis\u00f5es.\r\n\r\nPr\u00e1tico\u00a0<strong>sistema de difus\u00e3o capilar\u00a0<\/strong>n\u00e3o requer nenhuma fonte de energia, mas \u00e9 muito seguro. Basta virar os paus de vez em quando para reativar o cheiro quando este se desvanece.\r\n\r\nUm must-have para as casas majestosas, e que recomendamos que descubra!","link":"https:\/\/lescollectionsprivees.com\/pt\/categorie-parfum\/parfum-capilla-el-nabil\/","name":"Perfume Capilla El Nabil","slug":"perfume-capilla-el-nabil","taxonomy":"product_cat","parent":0,"meta":[],"menu_order":0,"yoast_head":"<!-- This site is optimized with the Yoast SEO plugin v27.3 - https:\/\/yoast.com\/product\/yoast-seo-wordpress\/ -->\n<title>Parfum Capilla El Nabil | Large s\u00e9lection en quelques clics<\/title>\n<meta name=\"description\" content=\"Le\u00a0parfum capilla El Nabil, est \u00e0 d\u00e9couvrir dans votre\u00a0parfumerie en ligne. D\u00e9couvrez notre s\u00e9lection en quelques clics !\" \/>\n<meta name=\"robots\" content=\"index, follow, max-snippet:-1, max-image-preview:large, max-video-preview:-1\" \/>\n<link rel=\"canonical\" href=\"https:\/\/lescollectionsprivees.com\/pt\/categoria-de-fragrancias\/perfume-capilla-el-nabil\/\" \/>\n<meta property=\"og:locale\" content=\"pt_PT\" \/>\n<meta property=\"og:type\" content=\"article\" \/>\n<meta property=\"og:title\" content=\"Parfum Capilla El Nabil | Large s\u00e9lection en quelques clics\" \/>\n<meta property=\"og:description\" content=\"Le\u00a0parfum capilla El Nabil, est \u00e0 d\u00e9couvrir dans votre\u00a0parfumerie en ligne. D\u00e9couvrez notre s\u00e9lection en quelques clics !\" \/>\n<meta property=\"og:url\" content=\"https:\/\/lescollectionsprivees.com\/pt\/categoria-de-fragrancias\/perfume-capilla-el-nabil\/\" \/>\n<meta property=\"og:site_name\" content=\"Les Collections Priv\u00e9es\" \/>\n<meta name=\"twitter:card\" content=\"summary_large_image\" \/>\n<script type=\"application\/ld+json\" class=\"yoast-schema-graph\">{\"@context\":\"https:\\\/\\\/schema.org\",\"@graph\":[{\"@type\":\"CollectionPage\",\"@id\":\"https:\\\/\\\/lescollectionsprivees.com\\\/categorie-parfum\\\/parfum-capilla-el-nabil\\\/\",\"url\":\"https:\\\/\\\/lescollectionsprivees.com\\\/categorie-parfum\\\/parfum-capilla-el-nabil\\\/\",\"name\":\"Parfum Capilla El Nabil | Large s\u00e9lection en quelques clics\",\"isPartOf\":{\"@id\":\"https:\\\/\\\/lescollectionsprivees.com\\\/#website\"},\"description\":\"Le\u00a0parfum capilla El Nabil, est \u00e0 d\u00e9couvrir dans votre\u00a0parfumerie en ligne. D\u00e9couvrez notre s\u00e9lection en quelques clics !\",\"breadcrumb\":{\"@id\":\"https:\\\/\\\/lescollectionsprivees.com\\\/categorie-parfum\\\/parfum-capilla-el-nabil\\\/#breadcrumb\"},\"inLanguage\":\"pt-PT\"},{\"@type\":\"BreadcrumbList\",\"@id\":\"https:\\\/\\\/lescollectionsprivees.com\\\/categorie-parfum\\\/parfum-capilla-el-nabil\\\/#breadcrumb\",\"itemListElement\":[{\"@type\":\"ListItem\",\"position\":1,\"name\":\"Accueil\",\"item\":\"https:\\\/\\\/lescollectionsprivees.com\\\/\"},{\"@type\":\"ListItem\",\"position\":2,\"name\":\"Parfum Capilla El Nabil\"}]},{\"@type\":\"WebSite\",\"@id\":\"https:\\\/\\\/lescollectionsprivees.com\\\/#website\",\"url\":\"https:\\\/\\\/lescollectionsprivees.com\\\/\",\"name\":\"Les Collections Priv\u00e9es\",\"description\":\"\",\"publisher\":{\"@id\":\"https:\\\/\\\/lescollectionsprivees.com\\\/#organization\"},\"potentialAction\":[{\"@type\":\"SearchAction\",\"target\":{\"@type\":\"EntryPoint\",\"urlTemplate\":\"https:\\\/\\\/lescollectionsprivees.com\\\/?s={search_term_string}\"},\"query-input\":{\"@type\":\"PropertyValueSpecification\",\"valueRequired\":true,\"valueName\":\"search_term_string\"}}],\"inLanguage\":\"pt-PT\"},{\"@type\":\"Organization\",\"@id\":\"https:\\\/\\\/lescollectionsprivees.com\\\/#organization\",\"name\":\"Les Collections Priv\u00e9es\",\"url\":\"https:\\\/\\\/lescollectionsprivees.com\\\/\",\"logo\":{\"@type\":\"ImageObject\",\"inLanguage\":\"pt-PT\",\"@id\":\"https:\\\/\\\/lescollectionsprivees.com\\\/#\\\/schema\\\/logo\\\/image\\\/\",\"url\":\"https:\\\/\\\/lescollectionsprivees.com\\\/wp-content\\\/uploads\\\/2020\\\/02\\\/Logo-Les-Collections-Priv\u00e9es-450x450-1.png\",\"contentUrl\":\"https:\\\/\\\/lescollectionsprivees.com\\\/wp-content\\\/uploads\\\/2020\\\/02\\\/Logo-Les-Collections-Priv\u00e9es-450x450-1.png\",\"width\":450,\"height\":450,\"caption\":\"Les Collections Priv\u00e9es\"},\"image\":{\"@id\":\"https:\\\/\\\/lescollectionsprivees.com\\\/#\\\/schema\\\/logo\\\/image\\\/\"}}]}<\/script>\n<!-- \/ Yoast SEO plugin. -->","yoast_head_json":{"title":"Parfum Capilla El Nabil | Vasta sele\u00e7\u00e3o em apenas alguns cliques","description":"Descubra o perfume El Nabil capilla na sua perfumaria online. Descubra a nossa sele\u00e7\u00e3o em apenas alguns cliques!","robots":{"index":"index","follow":"follow","max-snippet":"max-snippet:-1","max-image-preview":"max-image-preview:large","max-video-preview":"max-video-preview:-1"},"canonical":"https:\/\/lescollectionsprivees.com\/pt\/categoria-de-fragrancias\/perfume-capilla-el-nabil\/","og_locale":"pt_PT","og_type":"article","og_title":"Parfum Capilla El Nabil | Large s\u00e9lection en quelques clics","og_description":"Le\u00a0parfum capilla El Nabil, est \u00e0 d\u00e9couvrir dans votre\u00a0parfumerie en ligne. D\u00e9couvrez notre s\u00e9lection en quelques clics !","og_url":"https:\/\/lescollectionsprivees.com\/pt\/categoria-de-fragrancias\/perfume-capilla-el-nabil\/","og_site_name":"Les Collections Priv\u00e9es","twitter_card":"summary_large_image","schema":{"@context":"https:\/\/schema.org","@graph":[{"@type":"CollectionPage","@id":"https:\/\/lescollectionsprivees.com\/categorie-parfum\/parfum-capilla-el-nabil\/","url":"https:\/\/lescollectionsprivees.com\/categorie-parfum\/parfum-capilla-el-nabil\/","name":"Parfum Capilla El Nabil | Vasta sele\u00e7\u00e3o em apenas alguns cliques","isPartOf":{"@id":"https:\/\/lescollectionsprivees.com\/#website"},"description":"Descubra o perfume El Nabil capilla na sua perfumaria online. Descubra a nossa sele\u00e7\u00e3o em apenas alguns cliques!","breadcrumb":{"@id":"https:\/\/lescollectionsprivees.com\/categorie-parfum\/parfum-capilla-el-nabil\/#breadcrumb"},"inLanguage":"pt-PT"},{"@type":"BreadcrumbList","@id":"https:\/\/lescollectionsprivees.com\/categorie-parfum\/parfum-capilla-el-nabil\/#breadcrumb","itemListElement":[{"@type":"ListItem","position":1,"name":"Accueil","item":"https:\/\/lescollectionsprivees.com\/"},{"@type":"ListItem","position":2,"name":"Parfum Capilla El Nabil"}]},{"@type":"WebSite","@id":"https:\/\/lescollectionsprivees.com\/#website","url":"https:\/\/lescollectionsprivees.com\/","name":"Colec\u00e7\u00f5es privadas","description":"","publisher":{"@id":"https:\/\/lescollectionsprivees.com\/#organization"},"potentialAction":[{"@type":"SearchAction","target":{"@type":"EntryPoint","urlTemplate":"https:\/\/lescollectionsprivees.com\/?s={search_term_string}"},"query-input":{"@type":"PropertyValueSpecification","valueRequired":true,"valueName":"search_term_string"}}],"inLanguage":"pt-PT"},{"@type":"Organization","@id":"https:\/\/lescollectionsprivees.com\/#organization","name":"Colec\u00e7\u00f5es privadas","url":"https:\/\/lescollectionsprivees.com\/","logo":{"@type":"ImageObject","inLanguage":"pt-PT","@id":"https:\/\/lescollectionsprivees.com\/#\/schema\/logo\/image\/","url":"https:\/\/lescollectionsprivees.com\/wp-content\/uploads\/2020\/02\/Logo-Les-Collections-Priv\u00e9es-450x450-1.png","contentUrl":"https:\/\/lescollectionsprivees.com\/wp-content\/uploads\/2020\/02\/Logo-Les-Collections-Priv\u00e9es-450x450-1.png","width":450,"height":450,"caption":"Les Collections Priv\u00e9es"},"image":{"@id":"https:\/\/lescollectionsprivees.com\/#\/schema\/logo\/image\/"}}]}},"_links":{"self":[{"href":"https:\/\/lescollectionsprivees.com\/pt\/wp-json\/wp\/v2\/product_cat\/297","targetHints":{"allow":["GET"]}}],"collection":[{"href":"https:\/\/lescollectionsprivees.com\/pt\/wp-json\/wp\/v2\/product_cat"}],"about":[{"href":"https:\/\/lescollectionsprivees.com\/pt\/wp-json\/wp\/v2\/taxonomies\/product_cat"}],"wp:post_type":[{"href":"https:\/\/lescollectionsprivees.com\/pt\/wp-json\/wp\/v2\/product?product_cat=297"}],"curies":[{"name":"wp","href":"https:\/\/api.w.org\/{rel}","templated":true}]}}